{"id":1661,"date":"2026-08-29T21:25:31","date_gmt":"2026-08-29T19:25:31","guid":{"rendered":"https:\/\/porofixsystem.pl\/?p=1661"},"modified":"2026-08-29T21:25:34","modified_gmt":"2026-08-29T19:25:34","slug":"oslony-termiczne-dla-zaworow-i-kolan-kolanek","status":"publish","type":"post","link":"https:\/\/porofixsystem.pl\/en\/oslony-termiczne-dla-zaworow-i-kolan-kolanek\/","title":{"rendered":"Os\u0142ony termiczne dla zawor\u00f3w i kolan kolanek"},"content":{"rendered":"<h3 class=\"wp-block-heading wp-embed-aspect-16-9 wp-has-aspect-ratio has-normal-font-size\" style=\"margin-top:var(--wp--preset--spacing--60);margin-bottom:var(--wp--preset--spacing--60)\">Zawory i kolanka nale\u017c\u0105 do element\u00f3w instalacji przemys\u0142owych, kt\u00f3re ze wzgl\u0119du na nieregularn\u0105 geometri\u0119 s\u0105 trudne do skutecznego zaizolowania. Pozostawienie ich bez odpowiedniego zabezpieczenia b\u0119dzie powodowa\u0107 znaczne straty ciep\u0142a, nagrzewanie otoczenia oraz zwi\u0119kszone ryzyko poparzenia pracownik\u00f3w.<\/h3>\n\n\n\n<div class=\"wp-block-columns wp-embed-aspect-16-9 wp-has-aspect-ratio is-layout-flex wp-container-core-columns-is-layout-4a61b7b5 wp-block-columns-is-layout-flex\" style=\"margin-top:var(--wp--preset--spacing--60);margin-bottom:var(--wp--preset--spacing--60)\">\n<div class=\"wp-block-column is-layout-flow wp-block-column-is-layout-flow\" style=\"padding-top:var(--wp--preset--spacing--80);padding-bottom:var(--wp--preset--spacing--80)\">\n<div class=\"wp-block-group is-vertical is-layout-flex wp-container-core-group-is-layout-2c90304e wp-block-group-is-layout-flex\">\n<hr class=\"wp-block-separator has-alpha-channel-opacity is-style-wide\"\/>\n\n\n\n<h3 class=\"wp-block-heading has-large-font-size\"><strong>Co znajdziesz w tym artykule?<\/strong><\/h3>\n\n\n\n<p class=\"wp-block-paragraph\"><a href=\"#jaka\">Dlaczego zawory i kolanka s\u0105 trudne do zaizolowania?<\/a><\/p>\n\n\n\n<p class=\"wp-block-paragraph\"><a href=\"#dlaczego\">Os\u0142ony termiczne na zawory przemys\u0142owe i kolanka?<\/a><\/p>\n\n\n\n<p class=\"wp-block-paragraph\"><a href=\"#DN\">Czy warto stosowa\u0107 Aerogel &#8211; Porogel?<\/a><\/p>\n\n\n\n<hr class=\"wp-block-separator has-alpha-channel-opacity is-style-wide\"\/>\n<\/div>\n<\/div>\n<\/div>\n\n\n\n<div class=\"wp-block-columns wp-embed-aspect-16-9 wp-has-aspect-ratio is-layout-flex wp-container-core-columns-is-layout-4a61b7b5 wp-block-columns-is-layout-flex\" style=\"margin-top:var(--wp--preset--spacing--60);margin-bottom:var(--wp--preset--spacing--60)\">\n<div class=\"wp-block-column is-layout-flow wp-block-column-is-layout-flow\">\n<h2 id=\"jaka\" class=\"wp-block-heading\"><strong><strong>Dlaczego kolana i zawory wymagaj\u0105 indywidualnej izolacji?<\/strong><\/strong><\/h2>\n\n\n\n<p class=\"wp-block-paragraph\">Proste odcinki ruroci\u0105g\u00f3w mo\u017cna zabezpieczy\u0107 za pomoc\u0105 standardowych otulin. W przypadku zawor\u00f3w i kolanek sytuacja jest bardziej skomplikowana. Zmiana kierunku ruroci\u0105gu, po\u0142\u0105czenia ko\u0142nierzowe, trzpienie, pokr\u0119t\u0142a oraz nap\u0119dy utrudniaj\u0105 dok\u0142adne dopasowanie tradycyjnej izolacji.<\/p>\n\n\n\n<p class=\"wp-block-paragraph\"><strong>Nieprawid\u0142owo zabezpieczone elementy mog\u0105 powodowa\u0107:<\/strong><\/p>\n\n\n\n<ul class=\"wp-block-list has-normal-font-size\">\n<li>powstawanie mostk\u00f3w cieplnych,<\/li>\n\n\n\n<li>zwi\u0119kszone straty energii,<\/li>\n\n\n\n<li>wysok\u0105 temperatur\u0119 powierzchni instalacji,<\/li>\n\n\n\n<li>przegrzewanie pomieszcze\u0144 technologicznych,<\/li>\n\n\n\n<li>ryzyko poparzenia personelu,<\/li>\n\n\n\n<li>trudno\u015bci podczas przegl\u0105d\u00f3w i napraw.<\/li>\n<\/ul>\n\n\n\n<p class=\"wp-block-paragraph\">Indywidualnie wykonane os\u0142ony termiczne umo\u017cliwiaj\u0105 dok\u0142adne zabezpieczenie element\u00f3w o z\u0142o\u017conym kszta\u0142cie bez ograniczania dost\u0119pu do armatury.<\/p>\n\n\n\n<p class=\"wp-block-paragraph\"><strong>Skuteczna izolacja termiczna<\/strong> &#8211; <strong><a href=\"https:\/\/porofixsystem.pl\/en\/porofix-oslona\/\" type=\"page\" id=\"653\">POROFIX OS\u0141ONA<\/a><\/strong> pozwala ograniczy\u0107 te problemy i poprawi\u0107 wydajno\u015b\u0107 ca\u0142ej instalacji.<\/p>\n\n\n\n<p class=\"wp-block-paragraph\">Wsp\u00f3\u0142czynnik przewodzenia ciep\u0142a nanotechnologicznej izolacji na bazie aero\u017celu <strong><a href=\"http:\/\/porofix.pl\">POROGEL &#8211; \u03bb=0,015 W\/mk.<\/a><\/strong><\/p>\n<\/div>\n<\/div>\n\n\n\n<div style=\"margin-top:var(--wp--preset--spacing--60);margin-bottom:var(--wp--preset--spacing--60);height:24px\" aria-hidden=\"true\" class=\"wp-block-spacer wp-embed-aspect-16-9 wp-has-aspect-ratio\"><\/div>\n\n\n\n<h3 class=\"wp-block-heading has-text-align-center wp-embed-aspect-16-9 wp-has-aspect-ratio has-medium-font-size\" style=\"margin-top:var(--wp--preset--spacing--60);margin-bottom:var(--wp--preset--spacing--60)\"><strong>AEROGEL &#8211; PRZYK\u0141AD ZASTOSOWANIA IZOLACJI<\/strong><\/h3>\n\n\n\n<div class=\"wp-block-columns are-vertically-aligned-center wp-embed-aspect-16-9 wp-has-aspect-ratio is-layout-flex wp-container-core-columns-is-layout-4a61b7b5 wp-block-columns-is-layout-flex\" style=\"margin-top:var(--wp--preset--spacing--60);margin-bottom:var(--wp--preset--spacing--60)\">\n<div class=\"wp-block-column is-vertically-aligned-center is-layout-flow wp-block-column-is-layout-flow\">\n<figure class=\"wp-block-image size-full\"><a href=\"https:\/\/porofixsystem.pl\/en\/porofix-oslona\/\"><img loading=\"lazy\" decoding=\"async\" width=\"2126\" height=\"1535\" src=\"https:\/\/porofixsystem.pl\/wp-content\/uploads\/2024\/02\/przed-po-oslona.png\" alt=\"Aerogel - aero\u017cel jako izolacja termiczna zawor\u00f3w przemys\u0142owych.\" class=\"wp-image-565\" srcset=\"https:\/\/porofixsystem.pl\/wp-content\/uploads\/2024\/02\/przed-po-oslona.png 2126w, https:\/\/porofixsystem.pl\/wp-content\/uploads\/2024\/02\/przed-po-oslona-300x217.png 300w, https:\/\/porofixsystem.pl\/wp-content\/uploads\/2024\/02\/przed-po-oslona-1024x739.png 1024w, https:\/\/porofixsystem.pl\/wp-content\/uploads\/2024\/02\/przed-po-oslona-768x555.png 768w, https:\/\/porofixsystem.pl\/wp-content\/uploads\/2024\/02\/przed-po-oslona-1536x1109.png 1536w, https:\/\/porofixsystem.pl\/wp-content\/uploads\/2024\/02\/przed-po-oslona-2048x1479.png 2048w\" sizes=\"auto, (max-width: 2126px) 100vw, 2126px\" \/><\/a><\/figure>\n<\/div>\n<\/div>\n\n\n\n<div style=\"margin-top:var(--wp--preset--spacing--60);margin-bottom:var(--wp--preset--spacing--60);height:21px\" aria-hidden=\"true\" class=\"wp-block-spacer wp-embed-aspect-16-9 wp-has-aspect-ratio\"><\/div>\n\n\n\n<div class=\"wp-block-columns wp-embed-aspect-16-9 wp-has-aspect-ratio is-layout-flex wp-container-core-columns-is-layout-4a61b7b5 wp-block-columns-is-layout-flex\" style=\"margin-top:var(--wp--preset--spacing--60);margin-bottom:var(--wp--preset--spacing--60)\">\n<div class=\"wp-block-column is-layout-flow wp-block-column-is-layout-flow\" style=\"padding-top:0;padding-bottom:0\">\n<h2 id=\"dlaczego\" class=\"wp-block-heading\"><strong>Os\u0142ony termiczne na zawory przemys\u0142owe<\/strong><\/h2>\n\n\n\n<p class=\"wp-block-paragraph\">Zawory wymagaj\u0105 regularnych przegl\u0105d\u00f3w, regulacji oraz konserwacji. Ich izolacja powinna wi\u0119c ogranicza\u0107 straty ciep\u0142a, a jednocze\u015bnie pozwala\u0107 na szybki dost\u0119p do element\u00f3w roboczych.<\/p>\n\n\n\n<p class=\"wp-block-paragraph\">Os\u0142ony na zawory projektuje si\u0119 z uwzgl\u0119dnieniem:<\/p>\n\n\n\n<ul class=\"wp-block-list has-normal-font-size\">\n<li>rodzaju i wielko\u015bci zaworu,<\/li>\n\n\n\n<li>\u015brednicy nominalnej armatury,<\/li>\n\n\n\n<li>budowy korpusu i po\u0142\u0105cze\u0144 ko\u0142nierzowych,<\/li>\n\n\n\n<li>po\u0142o\u017cenia trzpienia oraz pokr\u0119t\u0142a,<\/li>\n\n\n\n<li>rodzaju zastosowanego nap\u0119du,<\/li>\n\n\n\n<li>temperatury medium,<\/li>\n\n\n\n<li>dost\u0119pnej przestrzeni monta\u017cowej.<\/li>\n<\/ul>\n\n\n\n<p class=\"wp-block-paragraph\">Zdejmowana konstrukcja umo\u017cliwia demonta\u017c os\u0142ony przed rozpocz\u0119ciem prac serwisowych. Po zako\u0144czeniu kontroli lub naprawy t\u0119 sam\u0105 os\u0142on\u0119 mo\u017cna ponownie zamontowa\u0107, bez konieczno\u015bci wykonywania nowej izolacji.<\/p>\n\n\n\n<div style=\"height:56px\" aria-hidden=\"true\" class=\"wp-block-spacer\"><\/div>\n\n\n\n<p class=\"wp-block-paragraph\"><strong>Aero\u017cel sprawdza si\u0119 zar\u00f3wno w instalacjach wysokotemperaturowych, jak i w systemach wymagaj\u0105cych ochrony przed utrat\u0105 ch\u0142odu.<\/strong><\/p>\n\n\n\n<div style=\"height:56px\" aria-hidden=\"true\" class=\"wp-block-spacer\"><\/div>\n\n\n\n<h3 class=\"wp-block-heading\"><strong>Os\u0142ony termiczne na kolanka instalacji<\/strong><\/h3>\n\n\n\n<p class=\"wp-block-paragraph\">Kolanka odpowiadaj\u0105 za zmian\u0119 kierunku przep\u0142ywu medium, dlatego ich powierzchnia jest zakrzywiona i trudniejsza do zabezpieczenia ni\u017c prosty odcinek rury. Niedok\u0142adne po\u0142\u0105czenie izolacji na \u0142uku mo\u017ce prowadzi\u0107 do powstawania szczelin oraz lokalnych strat ciep\u0142a.<\/p>\n\n\n\n<p class=\"wp-block-paragraph\">Os\u0142ony na kolanka wykonywane s\u0105 z uwzgl\u0119dnieniem:<\/p>\n\n\n\n<ul class=\"wp-block-list has-normal-font-size\">\n<li>\u015brednicy ruroci\u0105gu,<\/li>\n\n\n\n<li>k\u0105ta kolanka,<\/li>\n\n\n\n<li>promienia gi\u0119cia,<\/li>\n\n\n\n<li>temperatury pracy,<\/li>\n\n\n\n<li>sposobu po\u0142\u0105czenia z izolacj\u0105 ruroci\u0105gu.<\/li>\n<\/ul>\n\n\n\n<p class=\"wp-block-paragraph\">Precyzyjne dopasowanie pozwala zachowa\u0107 ci\u0105g\u0142o\u015b\u0107 warstwy izolacyjnej i ograniczy\u0107 powstawanie mostk\u00f3w cieplnych. Os\u0142ona mo\u017ce mie\u0107 konstrukcj\u0119 zdejmowan\u0105, co u\u0142atwia kontrol\u0119 stanu technicznego ruroci\u0105gu.<\/p>\n\n\n\n<div style=\"height:53px\" aria-hidden=\"true\" class=\"wp-block-spacer\"><\/div>\n\n\n\n<h3 class=\"wp-block-heading\"><strong><strong>Gdzie stosuje si\u0119 os\u0142ony termiczne na zawory i kolanka?<\/strong><\/strong><\/h3>\n\n\n\n<p class=\"wp-block-paragraph\">Os\u0142ony termiczne z aero\u017celu mog\u0105 by\u0107 wykorzystywane w instalacjach transportuj\u0105cych gor\u0105ce media, w kt\u00f3rych wa\u017cne s\u0105 ograniczenie strat energii oraz bezpiecze\u0144stwo obs\u0142ugi.<\/p>\n\n\n\n<p class=\"wp-block-paragraph\">Najcz\u0119stsze obszary zastosowania to:<\/p>\n\n\n\n<ul class=\"wp-block-list has-normal-font-size\">\n<li>instalacje parowe,<\/li>\n\n\n\n<li>kot\u0142ownie przemys\u0142owe,<\/li>\n\n\n\n<li>elektrownie i elektrociep\u0142ownie,<\/li>\n\n\n\n<li>sieci ciep\u0142ownicze,<\/li>\n\n\n\n<li>zak\u0142ady chemiczne i petrochemiczne,<\/li>\n\n\n\n<li>papiernie i zak\u0142ady celulozowe,<\/li>\n\n\n\n<li>zak\u0142ady spo\u017cywcze,<\/li>\n\n\n\n<li>instalacje olejowe,<\/li>\n\n\n\n<li>systemy technologiczne w zak\u0142adach produkcyjnych.<\/li>\n<\/ul>\n\n\n\n<div style=\"height:26px\" aria-hidden=\"true\" class=\"wp-block-spacer\"><\/div>\n\n\n\n<p class=\"wp-block-paragraph\">Wi\u0119cej o produktach na bazie aero\u017celu (Porogel) &#8211; <strong><a href=\"https:\/\/porofixsystem.pl\/en\/porofix-oslona\/\">Porofix Cover<\/a><\/strong>, <a href=\"https:\/\/porofixsystem.pl\/en\/porofix-rura\/\"><strong>Porofix Pipe<\/strong><\/a><\/p>\n\n\n\n<p class=\"wp-block-paragraph\"><br>Wsp\u00f3\u0142czynnik przewodzenia ciep\u0142a nanotechnologicznej izolacji <strong><a href=\"http:\/\/porofix.pl\">POROGEL &#8211; \u03bb=0,015 W\/mk.<\/a><\/strong><\/p>\n<\/div>\n<\/div>\n\n\n\n<h4 class=\"wp-block-heading has-text-align-center wp-embed-aspect-16-9 wp-has-aspect-ratio\" style=\"margin-top:var(--wp--preset--spacing--60);margin-bottom:var(--wp--preset--spacing--60)\">Izolacja termiczna z najni\u017cszym wsp\u00f3\u0142czynnikiem przewodzenia ciep\u0142a!<\/h4>\n\n\n\n<figure class=\"wp-block-embed is-type-video is-provider-youtube wp-block-embed-youtube wp-embed-aspect-16-9 wp-has-aspect-ratio\" style=\"margin-top:var(--wp--preset--spacing--60);margin-bottom:var(--wp--preset--spacing--60)\"><div class=\"wp-block-embed__wrapper\">\n<iframe loading=\"lazy\" title=\"NAJSKUTECZNIEJSZE IZOALCJE TERMICZNE - POROFIX SYSTEM\" width=\"500\" height=\"281\" src=\"https:\/\/www.youtube.com\/embed\/a1VeASEEb6o?feature=oembed\" frameborder=\"0\" allow=\"accelerometer; autoplay; clipboard-write; encrypted-media; gyroscope; picture-in-picture; web-share\" referrerpolicy=\"strict-origin-when-cross-origin\" allowfullscreen><\/iframe>\n<\/div><figcaption class=\"wp-element-caption\">Oferta izolacji termicznej na bazie <strong>aero\u017celu!<\/strong><\/figcaption><\/figure>\n\n\n\n<div class=\"wp-block-columns wp-embed-aspect-16-9 wp-has-aspect-ratio is-layout-flex wp-container-core-columns-is-layout-4a61b7b5 wp-block-columns-is-layout-flex\" style=\"margin-top:var(--wp--preset--spacing--60);margin-bottom:var(--wp--preset--spacing--60)\">\n<div class=\"wp-block-column is-layout-flow wp-block-column-is-layout-flow\">\n<h2 id=\"DN\" class=\"wp-block-heading\" style=\"margin-top:0;margin-bottom:0\">Czy warto stosowa\u0107 Aero\u017cel &#8211; Porogel?<\/h2>\n\n\n\n<p class=\"wp-block-paragraph\">Cho\u0107 koszt izolacji z u\u017cyciem Aerogelu jest wy\u017cszy ni\u017c w przypadku tradycyjnych rozwi\u0105za\u0144, jego niezwyk\u0142a <strong>wydajno\u015b\u0107 i trwa\u0142o\u015b\u0107<\/strong> sprawiaj\u0105, \u017ce <strong>inwestycja zwraca si\u0119 w mniej ni\u017c rok!<\/strong> <br><br><strong>Porogel sprawdza si\u0119 zar\u00f3wno w nowych instalacjach, jak i przy modernizacji istniej\u0105cych system\u00f3w.<\/strong><br><br>W d\u0142u\u017cszej perspektywie pozwala znacznie obni\u017cy\u0107 koszty oraz zwi\u0119kszy\u0107 efektywno\u015b\u0107 energetyczny i \u017cywotno\u015b\u0107 danej infrastruktury.<\/p>\n\n\n\n<p class=\"has-normal-font-size wp-block-paragraph\">Dzi\u0119ki <strong>innowacyjnym produktom<\/strong> <strong>product<\/strong>, u\u017cytkownicy mog\u0105 korzysta\u0107 z wyj\u0105tkowych zalet <strong><a href=\"https:\/\/porofixsystem.pl\/en\/co-to-aerogel\/\">products<\/a><\/strong> w praktycznych i dost\u0119pnych rozwi\u0105zaniach.<br><br><strong>Wraz z nasz\u0105 ofert\u0105 izolacji termicznej dla przemys\u0142u <\/strong>udzielamy audytu energetycznego, dzi\u0119ki czemu mo\u017cna zdoby\u0107 <strong><a href=\"https:\/\/porofixsystem.pl\/en\/czym-sa-biale-certyfikat\/\" type=\"post\" id=\"1046\">bia\u0142e certyfikaty<\/a><\/strong> i jeszcze szybszy zwrot inwestycji!<\/p>\n\n\n\n<p class=\"wp-block-paragraph\">Wsp\u00f3\u0142czynnik przewodzenia ciep\u0142a nanotechnologicznej izolacji <strong><a href=\"http:\/\/porofix.pl\">POROGEL &#8211; \u03bb=0,015 W\/mk.<\/a><\/strong><\/p>\n<\/div>\n<\/div>\n\n\n\n<div class=\"wp-block-columns are-vertically-aligned-center wp-embed-aspect-16-9 wp-has-aspect-ratio is-layout-flex wp-container-core-columns-is-layout-4a61b7b5 wp-block-columns-is-layout-flex\" style=\"margin-top:var(--wp--preset--spacing--60);margin-bottom:var(--wp--preset--spacing--60)\">\n<div class=\"wp-block-column is-vertically-aligned-center is-layout-flow wp-block-column-is-layout-flow\" style=\"flex-basis:50%\">\n<div class=\"wp-block-group is-vertical is-content-justification-center is-layout-flex wp-container-core-group-is-layout-b767a9ee wp-block-group-is-layout-flex\" style=\"padding-top:var(--wp--preset--spacing--30);padding-right:var(--wp--preset--spacing--20);padding-bottom:var(--wp--preset--spacing--30);padding-left:var(--wp--preset--spacing--20)\">\n<figure class=\"wp-block-image size-full is-resized wp-duotone-unset-1\"><a href=\"https:\/\/porofix.pl\/izolacja-dla-budownictwa\/\"><img loading=\"lazy\" decoding=\"async\" width=\"512\" height=\"512\" src=\"https:\/\/porofix.pl\/wp-content\/uploads\/2024\/02\/house.png\" alt=\"\" class=\"wp-image-84\" style=\"width:96px;height:auto\" srcset=\"https:\/\/porofixsystem.pl\/wp-content\/uploads\/2024\/02\/house.png 512w, https:\/\/porofixsystem.pl\/wp-content\/uploads\/2024\/02\/house-300x300.png 300w, https:\/\/porofixsystem.pl\/wp-content\/uploads\/2024\/02\/house-150x150.png 150w\" sizes=\"auto, (max-width: 512px) 100vw, 512px\" \/><\/a><\/figure>\n\n\n\n<h3 class=\"wp-block-heading has-text-align-center\" style=\"text-transform:uppercase\"><strong>Thermal insulation for construction<\/strong><\/h3>\n\n\n\n<p class=\"has-text-align-center has-normal-font-size wp-block-paragraph\" style=\"margin-right:var(--wp--preset--spacing--30);margin-left:var(--wp--preset--spacing--30)\">Thanks to our thermal insulation, you will enjoy comfortable conditions all year round, <strong>saving on bills.<\/strong> <\/p>\n\n\n\n<div class=\"wp-block-buttons is-layout-flex wp-block-buttons-is-layout-flex\">\n<div class=\"wp-block-button\"><a class=\"wp-block-button__link wp-element-button\" href=\"https:\/\/porofix.pl\/izolacja-dla-budownictwa\/\" style=\"text-transform:uppercase\"><strong>Z<\/strong>OBACZ<\/a><\/div>\n<\/div>\n<\/div>\n<\/div>\n\n\n\n<div class=\"wp-block-column is-vertically-aligned-center is-layout-flow wp-block-column-is-layout-flow\" style=\"flex-basis:50%\">\n<div class=\"wp-block-group is-vertical is-content-justification-center is-layout-flex wp-container-core-group-is-layout-b767a9ee wp-block-group-is-layout-flex\" style=\"padding-top:var(--wp--preset--spacing--30);padding-right:var(--wp--preset--spacing--20);padding-bottom:var(--wp--preset--spacing--30);padding-left:var(--wp--preset--spacing--20)\">\n<figure class=\"wp-block-image size-full is-resized\"><a href=\"https:\/\/porofix.pl\/izolacja-dla-przemyslu\/\"><img loading=\"lazy\" decoding=\"async\" width=\"512\" height=\"512\" src=\"https:\/\/porofix.pl\/wp-content\/uploads\/2024\/02\/settings.png\" alt=\"\" class=\"wp-image-85\" style=\"width:96px;height:auto\" srcset=\"https:\/\/porofixsystem.pl\/wp-content\/uploads\/2024\/02\/settings.png 512w, https:\/\/porofixsystem.pl\/wp-content\/uploads\/2024\/02\/settings-300x300.png 300w, https:\/\/porofixsystem.pl\/wp-content\/uploads\/2024\/02\/settings-150x150.png 150w\" sizes=\"auto, (max-width: 512px) 100vw, 512px\" \/><\/a><\/figure>\n\n\n\n<h3 class=\"wp-block-heading has-text-align-center\" style=\"text-transform:uppercase\"><strong>Thermal insulation for industry<\/strong><\/h3>\n\n\n\n<p class=\"has-text-align-center has-normal-font-size wp-block-paragraph\" style=\"margin-right:var(--wp--preset--spacing--30);margin-left:var(--wp--preset--spacing--30)\">Together with our offer of thermal insulation for your company, we provide an energy audit \u2013 <strong><a href=\"https:\/\/porofixsystem.pl\/en\/co-to-bialy-certyfikat\/\">bia\u0142e certyfikaty!<\/a><\/strong><\/p>\n\n\n\n<div class=\"wp-block-buttons is-layout-flex wp-block-buttons-is-layout-flex\">\n<div class=\"wp-block-button\"><a class=\"wp-block-button__link wp-element-button\" href=\"https:\/\/porofix.pl\/izolacja-dla-przemyslu\/\" style=\"text-transform:uppercase\"><strong>Z<\/strong>OBACZ<\/a><\/div>\n<\/div>\n<\/div>\n<\/div>\n<\/div>\n\n\n\n<div class=\"wp-block-columns alignwide wp-embed-aspect-16-9 wp-has-aspect-ratio is-layout-flex wp-container-core-columns-is-layout-4a61b7b5 wp-block-columns-is-layout-flex\" style=\"margin-top:var(--wp--preset--spacing--60);margin-bottom:var(--wp--preset--spacing--60)\">\n<div class=\"wp-block-column is-layout-flow wp-block-column-is-layout-flow\">\n<div class=\"wp-block-columns are-vertically-aligned-center is-layout-flex wp-container-core-columns-is-layout-ea507e69 wp-block-columns-is-layout-flex\">\n<div class=\"wp-block-column is-vertically-aligned-center is-layout-flow wp-block-column-is-layout-flow\">\n<h2 class=\"wp-block-heading has-text-align-center\"><strong><a href=\"https:\/\/porofix.pl\/kontakt\/\">CONTACT<\/a><\/strong><\/h2>\n\n\n\n<div class=\"wp-block-columns is-layout-flex wp-container-core-columns-is-layout-ea507e69 wp-block-columns-is-layout-flex\">\n<div class=\"wp-block-column is-layout-flow wp-block-column-is-layout-flow\" style=\"flex-basis:100%\">\n<div class=\"wp-block-columns is-layout-flex wp-container-core-columns-is-layout-0330c3b3 wp-block-columns-is-layout-flex\" style=\"margin-top:0;margin-bottom:0;padding-top:var(--wp--preset--spacing--50);padding-right:var(--wp--preset--spacing--30);padding-bottom:var(--wp--preset--spacing--50);padding-left:var(--wp--preset--spacing--30)\">\n<div class=\"wp-block-column is-vertically-aligned-center is-layout-flow wp-block-column-is-layout-flow\">\n<p class=\"wp-block-paragraph\"><a href=\"https:\/\/porofixsystem.pl\/en\/\"><strong>POROFIX SYSTEM SP. Z O.O<\/strong>. <br><\/a><br><strong>Headquarters: <br><\/strong>ul. Grzybowska 87, 00-844 Warszawa <br><strong>NIP:<\/strong> 5272865515, <strong>REGON<\/strong> 381351796, <strong>KRS<\/strong> 0000749713 <br><br><strong>Company branch and correspondence address:<\/strong> <br>11-700 Mr\u0105gowo ul. Przemys\u0142owa 13 <br><br><strong>E-mail adress:<\/strong> <br>porofix@porofixsystem.pl<\/p>\n<\/div>\n\n\n\n<div class=\"wp-block-column is-vertically-aligned-center has-ti-fg-background-color has-background is-layout-flow wp-block-column-is-layout-flow\" style=\"padding-top:var(--wp--preset--spacing--80);padding-right:var(--wp--preset--spacing--40);padding-bottom:var(--wp--preset--spacing--80);padding-left:var(--wp--preset--spacing--40)\">\n<p class=\"has-ti-bg-color has-text-color has-link-color wp-elements-1 wp-block-paragraph\"><strong>POROFIX SYSTEM SP.  Z O.O. <br><\/strong><br><strong>Mr\u0105gowo Branch:<\/strong> <br>ul. Przemys\u0142owa 13, 11-700 Mr\u0105gowo<br><br><strong>E-mail adress:<\/strong> <br>porofix@porofixsystem.pl<\/p>\n<\/div>\n<\/div>\n<\/div>\n<\/div>\n<\/div>\n<\/div>\n<\/div>\n<\/div>\n\n\n\n<p class=\"wp-block-paragraph\"><\/p>","protected":false},"excerpt":{"rendered":"<p>Zawory i kolanka nale\u017c\u0105 do element\u00f3w instalacji przemys\u0142owych, kt\u00f3re ze wzgl\u0119du na nieregularn\u0105 geometri\u0119 s\u0105 trudne do skutecznego zaizolowania. Pozostawienie ich bez odpowiedniego zabezpieczenia b\u0119dzie powodowa\u0107 znaczne straty ciep\u0142a, nagrzewanie otoczenia oraz zwi\u0119kszone ryzyko poparzenia pracownik\u00f3w. Co znajdziesz w tym artykule? Dlaczego zawory i kolanka s\u0105 trudne do zaizolowania? Os\u0142ony termiczne na zawory przemys\u0142owe i [&hellip;]<\/p>\n","protected":false},"author":1,"featured_media":1662,"comment_status":"open","ping_status":"open","sticky":false,"template":"","format":"standard","meta":{"footnotes":""},"categories":[24],"tags":[35,43,27,29,37,28,31,44],"class_list":["post-1661","post","type-post","status-publish","format-standard","has-post-thumbnail","hentry","category-izolacja","tag-aerogel","tag-aerozel","tag-izolacja","tag-izolacja-cieplna","tag-izolacja-przemyslowa","tag-izolacja-termiczna","tag-izolacja-zaworow","tag-porogel"],"yoast_head":"<!-- This site is optimized with the Yoast SEO plugin v28.4 - https:\/\/yoast.com\/product\/yoast-seo-wordpress\/ -->\n<title>Os\u0142ony termiczne dla zawor\u00f3w i kolan kolanek | Porofix System<\/title>\n<meta name=\"description\" content=\"Os\u0142ony termiczne dla zawor\u00f3w i kolanek z Aerogelu ograniczaj\u0105 straty ciep\u0142a, poprawiaj\u0105 bezpiecze\u0144stwo i umo\u017cliwiaj\u0105 szybki dost\u0119p serwisowy.\" \/>\n<meta name=\"robots\" content=\"index, follow, max-snippet:-1, max-image-preview:large, max-video-preview:-1\" \/>\n<link rel=\"canonical\" href=\"https:\/\/porofixsystem.pl\/en\/oslony-termiczne-dla-zaworow-i-kolan-kolanek\/\" \/>\n<meta property=\"og:locale\" content=\"en_GB\" \/>\n<meta property=\"og:type\" content=\"article\" \/>\n<meta property=\"og:title\" content=\"Os\u0142ony termiczne dla zawor\u00f3w i kolan kolanek | Porofix System\" \/>\n<meta property=\"og:description\" content=\"Os\u0142ony termiczne dla zawor\u00f3w i kolanek z Aerogelu ograniczaj\u0105 straty ciep\u0142a, poprawiaj\u0105 bezpiecze\u0144stwo i umo\u017cliwiaj\u0105 szybki dost\u0119p serwisowy.\" \/>\n<meta property=\"og:url\" content=\"https:\/\/porofixsystem.pl\/en\/oslony-termiczne-dla-zaworow-i-kolan-kolanek\/\" \/>\n<meta property=\"og:site_name\" content=\"Porofix System\" \/>\n<meta property=\"article:publisher\" content=\"https:\/\/www.facebook.com\/porofixsystem\" \/>\n<meta property=\"article:published_time\" content=\"2026-08-29T19:25:31+00:00\" \/>\n<meta property=\"article:modified_time\" content=\"2026-08-29T19:25:34+00:00\" \/>\n<meta property=\"og:image\" content=\"https:\/\/porofixsystem.pl\/wp-content\/uploads\/2026\/08\/Oslony-termiczne-dla-zaworow-i-kolan-kolanek.jpg\" \/>\n\t<meta property=\"og:image:width\" content=\"2475\" \/>\n\t<meta property=\"og:image:height\" content=\"1650\" \/>\n\t<meta property=\"og:image:type\" content=\"image\/jpeg\" \/>\n<meta name=\"author\" content=\"adminporo\" \/>\n<meta name=\"twitter:card\" content=\"summary_large_image\" \/>\n<meta name=\"twitter:label1\" content=\"Written by\" \/>\n\t<meta name=\"twitter:data1\" content=\"adminporo\" \/>\n\t<meta name=\"twitter:label2\" content=\"Estimated reading time\" \/>\n\t<meta name=\"twitter:data2\" content=\"5 minutes\" \/>\n<script type=\"application\/ld+json\" class=\"yoast-schema-graph\">{\"@context\":\"https:\\\/\\\/schema.org\",\"@graph\":[{\"@type\":\"Article\",\"@id\":\"https:\\\/\\\/porofixsystem.pl\\\/oslony-termiczne-dla-zaworow-i-kolan-kolanek\\\/#article\",\"isPartOf\":{\"@id\":\"https:\\\/\\\/porofixsystem.pl\\\/oslony-termiczne-dla-zaworow-i-kolan-kolanek\\\/\"},\"author\":{\"name\":\"adminporo\",\"@id\":\"https:\\\/\\\/porofixsystem.pl\\\/#\\\/schema\\\/person\\\/1ae194e1d9d4066864f8a798b204d482\"},\"headline\":\"Os\u0142ony termiczne dla zawor\u00f3w i kolan kolanek\",\"datePublished\":\"2026-08-29T19:25:31+00:00\",\"dateModified\":\"2026-08-29T19:25:34+00:00\",\"mainEntityOfPage\":{\"@id\":\"https:\\\/\\\/porofixsystem.pl\\\/oslony-termiczne-dla-zaworow-i-kolan-kolanek\\\/\"},\"wordCount\":826,\"commentCount\":0,\"publisher\":{\"@id\":\"https:\\\/\\\/porofixsystem.pl\\\/#organization\"},\"image\":{\"@id\":\"https:\\\/\\\/porofixsystem.pl\\\/oslony-termiczne-dla-zaworow-i-kolan-kolanek\\\/#primaryimage\"},\"thumbnailUrl\":\"https:\\\/\\\/porofixsystem.pl\\\/wp-content\\\/uploads\\\/2026\\\/08\\\/Oslony-termiczne-dla-zaworow-i-kolan-kolanek.jpg\",\"keywords\":[\"aerogel\",\"aero\u017cel\",\"izolacja\",\"izolacja cieplna\",\"izolacja przemys\u0142owa\",\"izolacja termiczna\",\"izolacja zawor\u00f3w\",\"porogel\"],\"articleSection\":[\"Izolacja\"],\"inLanguage\":\"en-GB\",\"potentialAction\":[{\"@type\":\"CommentAction\",\"name\":\"Comment\",\"target\":[\"https:\\\/\\\/porofixsystem.pl\\\/oslony-termiczne-dla-zaworow-i-kolan-kolanek\\\/#respond\"]}]},{\"@type\":\"WebPage\",\"@id\":\"https:\\\/\\\/porofixsystem.pl\\\/oslony-termiczne-dla-zaworow-i-kolan-kolanek\\\/\",\"url\":\"https:\\\/\\\/porofixsystem.pl\\\/oslony-termiczne-dla-zaworow-i-kolan-kolanek\\\/\",\"name\":\"Os\u0142ony termiczne dla zawor\u00f3w i kolan kolanek | Porofix System\",\"isPartOf\":{\"@id\":\"https:\\\/\\\/porofixsystem.pl\\\/#website\"},\"primaryImageOfPage\":{\"@id\":\"https:\\\/\\\/porofixsystem.pl\\\/oslony-termiczne-dla-zaworow-i-kolan-kolanek\\\/#primaryimage\"},\"image\":{\"@id\":\"https:\\\/\\\/porofixsystem.pl\\\/oslony-termiczne-dla-zaworow-i-kolan-kolanek\\\/#primaryimage\"},\"thumbnailUrl\":\"https:\\\/\\\/porofixsystem.pl\\\/wp-content\\\/uploads\\\/2026\\\/08\\\/Oslony-termiczne-dla-zaworow-i-kolan-kolanek.jpg\",\"datePublished\":\"2026-08-29T19:25:31+00:00\",\"dateModified\":\"2026-08-29T19:25:34+00:00\",\"description\":\"Os\u0142ony termiczne dla zawor\u00f3w i kolanek z Aerogelu ograniczaj\u0105 straty ciep\u0142a, poprawiaj\u0105 bezpiecze\u0144stwo i umo\u017cliwiaj\u0105 szybki dost\u0119p serwisowy.\",\"inLanguage\":\"en-GB\",\"potentialAction\":[{\"@type\":\"ReadAction\",\"target\":[\"https:\\\/\\\/porofixsystem.pl\\\/oslony-termiczne-dla-zaworow-i-kolan-kolanek\\\/\"]}]},{\"@type\":\"ImageObject\",\"inLanguage\":\"en-GB\",\"@id\":\"https:\\\/\\\/porofixsystem.pl\\\/oslony-termiczne-dla-zaworow-i-kolan-kolanek\\\/#primaryimage\",\"url\":\"https:\\\/\\\/porofixsystem.pl\\\/wp-content\\\/uploads\\\/2026\\\/08\\\/Oslony-termiczne-dla-zaworow-i-kolan-kolanek.jpg\",\"contentUrl\":\"https:\\\/\\\/porofixsystem.pl\\\/wp-content\\\/uploads\\\/2026\\\/08\\\/Oslony-termiczne-dla-zaworow-i-kolan-kolanek.jpg\",\"width\":2475,\"height\":1650},{\"@type\":\"WebSite\",\"@id\":\"https:\\\/\\\/porofixsystem.pl\\\/#website\",\"url\":\"https:\\\/\\\/porofixsystem.pl\\\/\",\"name\":\"Porofix System\",\"description\":\"IZOLACJA TERMICZNA CIEPLNA TECHNICZNA DLA FIRMY I DOMU\",\"publisher\":{\"@id\":\"https:\\\/\\\/porofixsystem.pl\\\/#organization\"},\"potentialAction\":[{\"@type\":\"SearchAction\",\"target\":{\"@type\":\"EntryPoint\",\"urlTemplate\":\"https:\\\/\\\/porofixsystem.pl\\\/?s={search_term_string}\"},\"query-input\":{\"@type\":\"PropertyValueSpecification\",\"valueRequired\":true,\"valueName\":\"search_term_string\"}}],\"inLanguage\":\"en-GB\"},{\"@type\":\"Organization\",\"@id\":\"https:\\\/\\\/porofixsystem.pl\\\/#organization\",\"name\":\"Porofix System\",\"url\":\"https:\\\/\\\/porofixsystem.pl\\\/\",\"logo\":{\"@type\":\"ImageObject\",\"inLanguage\":\"en-GB\",\"@id\":\"https:\\\/\\\/porofixsystem.pl\\\/#\\\/schema\\\/logo\\\/image\\\/\",\"url\":\"https:\\\/\\\/porofixsystem.pl\\\/wp-content\\\/uploads\\\/2024\\\/02\\\/cropped-Logo-Porofix-System-jakosc.png\",\"contentUrl\":\"https:\\\/\\\/porofixsystem.pl\\\/wp-content\\\/uploads\\\/2024\\\/02\\\/cropped-Logo-Porofix-System-jakosc.png\",\"width\":200,\"height\":74,\"caption\":\"Porofix System\"},\"image\":{\"@id\":\"https:\\\/\\\/porofixsystem.pl\\\/#\\\/schema\\\/logo\\\/image\\\/\"},\"sameAs\":[\"https:\\\/\\\/www.facebook.com\\\/porofixsystem\"]},{\"@type\":\"Person\",\"@id\":\"https:\\\/\\\/porofixsystem.pl\\\/#\\\/schema\\\/person\\\/1ae194e1d9d4066864f8a798b204d482\",\"name\":\"adminporo\",\"image\":{\"@type\":\"ImageObject\",\"inLanguage\":\"en-GB\",\"@id\":\"https:\\\/\\\/secure.gravatar.com\\\/avatar\\\/f1d959728174dce5ab3f4afef916c1b27b9ccccde30ef5440ce69ef3a7203312?s=96&d=mm&r=g\",\"url\":\"https:\\\/\\\/secure.gravatar.com\\\/avatar\\\/f1d959728174dce5ab3f4afef916c1b27b9ccccde30ef5440ce69ef3a7203312?s=96&d=mm&r=g\",\"contentUrl\":\"https:\\\/\\\/secure.gravatar.com\\\/avatar\\\/f1d959728174dce5ab3f4afef916c1b27b9ccccde30ef5440ce69ef3a7203312?s=96&d=mm&r=g\",\"caption\":\"adminporo\"},\"sameAs\":[\"http:\\\/\\\/porofix.pl\"],\"url\":\"https:\\\/\\\/porofixsystem.pl\\\/en\\\/author\\\/adminporo\\\/\"}]}<\/script>\n<!-- \/ Yoast SEO plugin. -->","yoast_head_json":{"title":"Os\u0142ony termiczne dla zawor\u00f3w i kolan kolanek | Porofix System","description":"Os\u0142ony termiczne dla zawor\u00f3w i kolanek z Aerogelu ograniczaj\u0105 straty ciep\u0142a, poprawiaj\u0105 bezpiecze\u0144stwo i umo\u017cliwiaj\u0105 szybki dost\u0119p serwisowy.","robots":{"index":"index","follow":"follow","max-snippet":"max-snippet:-1","max-image-preview":"max-image-preview:large","max-video-preview":"max-video-preview:-1"},"canonical":"https:\/\/porofixsystem.pl\/en\/oslony-termiczne-dla-zaworow-i-kolan-kolanek\/","og_locale":"en_GB","og_type":"article","og_title":"Os\u0142ony termiczne dla zawor\u00f3w i kolan kolanek | Porofix System","og_description":"Os\u0142ony termiczne dla zawor\u00f3w i kolanek z Aerogelu ograniczaj\u0105 straty ciep\u0142a, poprawiaj\u0105 bezpiecze\u0144stwo i umo\u017cliwiaj\u0105 szybki dost\u0119p serwisowy.","og_url":"https:\/\/porofixsystem.pl\/en\/oslony-termiczne-dla-zaworow-i-kolan-kolanek\/","og_site_name":"Porofix System","article_publisher":"https:\/\/www.facebook.com\/porofixsystem","article_published_time":"2026-08-29T19:25:31+00:00","article_modified_time":"2026-08-29T19:25:34+00:00","og_image":[{"width":2475,"height":1650,"url":"https:\/\/porofixsystem.pl\/wp-content\/uploads\/2026\/08\/Oslony-termiczne-dla-zaworow-i-kolan-kolanek.jpg","type":"image\/jpeg"}],"author":"adminporo","twitter_card":"summary_large_image","twitter_misc":{"Written by":"adminporo","Estimated reading time":"5 minutes"},"schema":{"@context":"https:\/\/schema.org","@graph":[{"@type":"Article","@id":"https:\/\/porofixsystem.pl\/oslony-termiczne-dla-zaworow-i-kolan-kolanek\/#article","isPartOf":{"@id":"https:\/\/porofixsystem.pl\/oslony-termiczne-dla-zaworow-i-kolan-kolanek\/"},"author":{"name":"adminporo","@id":"https:\/\/porofixsystem.pl\/#\/schema\/person\/1ae194e1d9d4066864f8a798b204d482"},"headline":"Os\u0142ony termiczne dla zawor\u00f3w i kolan kolanek","datePublished":"2026-08-29T19:25:31+00:00","dateModified":"2026-08-29T19:25:34+00:00","mainEntityOfPage":{"@id":"https:\/\/porofixsystem.pl\/oslony-termiczne-dla-zaworow-i-kolan-kolanek\/"},"wordCount":826,"commentCount":0,"publisher":{"@id":"https:\/\/porofixsystem.pl\/#organization"},"image":{"@id":"https:\/\/porofixsystem.pl\/oslony-termiczne-dla-zaworow-i-kolan-kolanek\/#primaryimage"},"thumbnailUrl":"https:\/\/porofixsystem.pl\/wp-content\/uploads\/2026\/08\/Oslony-termiczne-dla-zaworow-i-kolan-kolanek.jpg","keywords":["aerogel","aero\u017cel","izolacja","izolacja cieplna","izolacja przemys\u0142owa","izolacja termiczna","izolacja zawor\u00f3w","porogel"],"articleSection":["Izolacja"],"inLanguage":"en-GB","potentialAction":[{"@type":"CommentAction","name":"Comment","target":["https:\/\/porofixsystem.pl\/oslony-termiczne-dla-zaworow-i-kolan-kolanek\/#respond"]}]},{"@type":"WebPage","@id":"https:\/\/porofixsystem.pl\/oslony-termiczne-dla-zaworow-i-kolan-kolanek\/","url":"https:\/\/porofixsystem.pl\/oslony-termiczne-dla-zaworow-i-kolan-kolanek\/","name":"Os\u0142ony termiczne dla zawor\u00f3w i kolan kolanek | Porofix System","isPartOf":{"@id":"https:\/\/porofixsystem.pl\/#website"},"primaryImageOfPage":{"@id":"https:\/\/porofixsystem.pl\/oslony-termiczne-dla-zaworow-i-kolan-kolanek\/#primaryimage"},"image":{"@id":"https:\/\/porofixsystem.pl\/oslony-termiczne-dla-zaworow-i-kolan-kolanek\/#primaryimage"},"thumbnailUrl":"https:\/\/porofixsystem.pl\/wp-content\/uploads\/2026\/08\/Oslony-termiczne-dla-zaworow-i-kolan-kolanek.jpg","datePublished":"2026-08-29T19:25:31+00:00","dateModified":"2026-08-29T19:25:34+00:00","description":"Os\u0142ony termiczne dla zawor\u00f3w i kolanek z Aerogelu ograniczaj\u0105 straty ciep\u0142a, poprawiaj\u0105 bezpiecze\u0144stwo i umo\u017cliwiaj\u0105 szybki dost\u0119p serwisowy.","inLanguage":"en-GB","potentialAction":[{"@type":"ReadAction","target":["https:\/\/porofixsystem.pl\/oslony-termiczne-dla-zaworow-i-kolan-kolanek\/"]}]},{"@type":"ImageObject","inLanguage":"en-GB","@id":"https:\/\/porofixsystem.pl\/oslony-termiczne-dla-zaworow-i-kolan-kolanek\/#primaryimage","url":"https:\/\/porofixsystem.pl\/wp-content\/uploads\/2026\/08\/Oslony-termiczne-dla-zaworow-i-kolan-kolanek.jpg","contentUrl":"https:\/\/porofixsystem.pl\/wp-content\/uploads\/2026\/08\/Oslony-termiczne-dla-zaworow-i-kolan-kolanek.jpg","width":2475,"height":1650},{"@type":"WebSite","@id":"https:\/\/porofixsystem.pl\/#website","url":"https:\/\/porofixsystem.pl\/","name":"product","description":"IZOLACJA TERMICZNA CIEPLNA TECHNICZNA DLA FIRMY I DOMU","publisher":{"@id":"https:\/\/porofixsystem.pl\/#organization"},"potentialAction":[{"@type":"SearchAction","target":{"@type":"EntryPoint","urlTemplate":"https:\/\/porofixsystem.pl\/?s={search_term_string}"},"query-input":{"@type":"PropertyValueSpecification","valueRequired":true,"valueName":"search_term_string"}}],"inLanguage":"en-GB"},{"@type":"Organization","@id":"https:\/\/porofixsystem.pl\/#organization","name":"product","url":"https:\/\/porofixsystem.pl\/","logo":{"@type":"ImageObject","inLanguage":"en-GB","@id":"https:\/\/porofixsystem.pl\/#\/schema\/logo\/image\/","url":"https:\/\/porofixsystem.pl\/wp-content\/uploads\/2024\/02\/cropped-Logo-Porofix-System-jakosc.png","contentUrl":"https:\/\/porofixsystem.pl\/wp-content\/uploads\/2024\/02\/cropped-Logo-Porofix-System-jakosc.png","width":200,"height":74,"caption":"Porofix System"},"image":{"@id":"https:\/\/porofixsystem.pl\/#\/schema\/logo\/image\/"},"sameAs":["https:\/\/www.facebook.com\/porofixsystem"]},{"@type":"Person","@id":"https:\/\/porofixsystem.pl\/#\/schema\/person\/1ae194e1d9d4066864f8a798b204d482","name":"adminporo","image":{"@type":"ImageObject","inLanguage":"en-GB","@id":"https:\/\/secure.gravatar.com\/avatar\/f1d959728174dce5ab3f4afef916c1b27b9ccccde30ef5440ce69ef3a7203312?s=96&d=mm&r=g","url":"https:\/\/secure.gravatar.com\/avatar\/f1d959728174dce5ab3f4afef916c1b27b9ccccde30ef5440ce69ef3a7203312?s=96&d=mm&r=g","contentUrl":"https:\/\/secure.gravatar.com\/avatar\/f1d959728174dce5ab3f4afef916c1b27b9ccccde30ef5440ce69ef3a7203312?s=96&d=mm&r=g","caption":"adminporo"},"sameAs":["http:\/\/porofix.pl"],"url":"https:\/\/porofixsystem.pl\/en\/author\/adminporo\/"}]}},"_links":{"self":[{"href":"https:\/\/porofixsystem.pl\/en\/wp-json\/wp\/v2\/posts\/1661","targetHints":{"allow":["GET"]}}],"collection":[{"href":"https:\/\/porofixsystem.pl\/en\/wp-json\/wp\/v2\/posts"}],"about":[{"href":"https:\/\/porofixsystem.pl\/en\/wp-json\/wp\/v2\/types\/post"}],"author":[{"embeddable":true,"href":"https:\/\/porofixsystem.pl\/en\/wp-json\/wp\/v2\/users\/1"}],"replies":[{"embeddable":true,"href":"https:\/\/porofixsystem.pl\/en\/wp-json\/wp\/v2\/comments?post=1661"}],"version-history":[{"count":1,"href":"https:\/\/porofixsystem.pl\/en\/wp-json\/wp\/v2\/posts\/1661\/revisions"}],"predecessor-version":[{"id":1663,"href":"https:\/\/porofixsystem.pl\/en\/wp-json\/wp\/v2\/posts\/1661\/revisions\/1663"}],"wp:featuredmedia":[{"embeddable":true,"href":"https:\/\/porofixsystem.pl\/en\/wp-json\/wp\/v2\/media\/1662"}],"wp:attachment":[{"href":"https:\/\/porofixsystem.pl\/en\/wp-json\/wp\/v2\/media?parent=1661"}],"wp:term":[{"taxonomy":"category","embeddable":true,"href":"https:\/\/porofixsystem.pl\/en\/wp-json\/wp\/v2\/categories?post=1661"},{"taxonomy":"post_tag","embeddable":true,"href":"https:\/\/porofixsystem.pl\/en\/wp-json\/wp\/v2\/tags?post=1661"}],"curies":[{"name":"wp","href":"https:\/\/api.w.org\/{rel}","templated":true}]}}